{"id":5,"date":"2021-04-04T07:21:37","date_gmt":"2021-04-04T05:21:37","guid":{"rendered":"https:\/\/esperalszczecin.local\/blog\/?p=5"},"modified":"2021-04-06T14:00:27","modified_gmt":"2021-04-06T12:00:27","slug":"alkoholizm-wsrod-mlodziezy","status":"publish","type":"post","link":"https:\/\/esperalszczecin.pl\/blog\/alkoholizm-wsrod-mlodziezy\/","title":{"rendered":"Alkoholizm w\u015br\u00f3d m\u0142odzie\u017cy"},"content":{"rendered":"\r\n<p class=\"wp-block-paragraph\">Okazjonalne picie jest powszechne i spo\u0142ecznie akceptowalne. Alkohol \u015bci\u015ble wi\u0105\u017ce si\u0119 z kultur\u0105 i obyczajami, co niestety, przek\u0142ada si\u0119 p\u00f3\u017aniej na socjalizacj\u0119 dziecka oraz powielanie przez niego wzorc\u00f3w. Od kilkunastu lat obserwuje si\u0119 obni\u017cenie wieku inicjacji alkoholowej, a spo\u017cywanie alkoholu przez m\u0142odzie\u017c nabiera znaczenie du\u017cego problemu.<\/p>\r\n\r\n\r\n\r\n<h2 class=\"wp-block-heading\"><strong>Picie alkoholu przez nieletnich<\/strong><\/h2>\r\n\r\n\r\n\r\n<p class=\"wp-block-paragraph\">Statystyki spo\u017cywania alkoholu przez m\u0142odzie\u017c s\u0105 niepokoj\u0105ce. Osoby nieletnie coraz cz\u0119\u015bciej si\u0119gaj\u0105 po coraz mocniejsze trunki w coraz m\u0142odszym wieku. W tej chwili szacuje si\u0119, \u017ce w Polsce wi\u0119kszo\u015b\u0107 trzynastolatk\u00f3w ma ju\u017c za sob\u0105 inicjacj\u0119 alkoholow\u0105, z kolei obserwuje si\u0119 spo\u017cywanie napoj\u00f3w procentowych w\u015br\u00f3d dwunasto-, a nawet dziesi\u0119ciolatk\u00f3w. Problem tkwi w tym, \u017ce alkohol jest powszechnie i \u0142atwo dost\u0119pny, a jego zakup (nawet przez osoby nieletnie) nie jest problemem \u2013 regulacje prawne dotycz\u0105ce zakazu sprzeda\u017cy napoj\u00f3w alkoholowych osobom poni\u017cej osiemnastego roku \u017cycia s\u0105 nagminnie \u0142amane, chocia\u017c cz\u0119sto nie\u015bwiadomie. Du\u017ca ilo\u015b\u0107 sprzedawc\u00f3w przyznaje, \u017ce ma trudno\u015b\u0107 w oszacowaniu prawdziwego wieku swoich klient\u00f3w, szczeg\u00f3lnie u dziewcz\u0105t, kt\u00f3re swoim wyzywaj\u0105cym makija\u017cem oraz strojem dodaj\u0105 sobie kilka lat. Dodatkowo nastolatki w momencie odmowy sprzeda\u017cy prosz\u0105 o zakup alkoholu przypadkowych ludzi (cz\u0119sto przysklepowych alkoholik\u00f3w) oferuj\u0105c im niewielkie kwoty za \u201epomoc\u201d lub butelk\u0119 piwa. W pedagogicznych badaniach uniwersyteckich, jakie przeprowadzano w ostatnich latach a\u017c 92% pi\u0119tnasto- i szesnastolatk\u00f3w przyznaje si\u0119 do picia. Z kolei w przypadku ich siedemnasto- i osiemnastoletni koleg\u00f3w odsetek ten jest wy\u017cszy i uplasowany w wysoko\u015bci 96%.<\/p>\r\n\r\n\r\n\r\n<h2 class=\"wp-block-heading\"><strong>Jaki alkohol pije m\u0142odzie\u017c?<\/strong><\/h2>\r\n\r\n\r\n\r\n<p class=\"wp-block-paragraph\">Najcz\u0119\u015bciej spo\u017cywanym napojem alkoholowym w\u015br\u00f3d dzieci i m\u0142odzie\u017cy jest piwo. W 2020 roku a\u017c 80% badanych nastolatk\u00f3w zadeklarowa\u0142o kontakt z alkoholem w minionym miesi\u0105cu. Drugim co do popularno\u015bci typem alkoholu jest w\u00f3dka oraz inne, mocne alkohole, z kolei na trzecim miejscu jest wino, kt\u00f3rego konsumpcj\u0119 potwierdza 43% badanych uczni\u00f3w.<\/p>\r\n\r\n\r\n\r\n<p class=\"wp-block-paragraph\">Ciekawy wydaje si\u0119 by\u0107 fakt, \u017ce na wyb\u00f3r rodzaju napoju alkoholowego w\u015br\u00f3d m\u0142odzie\u017cy wp\u0142ywa wykszta\u0142cenie rodzic\u00f3w \u2013 dzieci rodzic\u00f3w z wykszta\u0142ceniem podstawowym cz\u0119\u015bciej si\u0119gaj\u0105 po w\u00f3dk\u0119, ni\u017c po wino. Z kolei wykszta\u0142cenie wy\u017csze warunkuje mniejsze spo\u017cycie piwa.<\/p>\r\n\r\n\r\n\r\n<p class=\"wp-block-paragraph\">Przy wyborze alkoholu na znaczeniu nabiera sytuacja finansowa \u2013 w przypadku rodzin dobrze sytuowanych cz\u0119\u015bciej si\u0119ga si\u0119 po dobre i dro\u017csze alkohole.<\/p>\r\n\r\n\r\n\r\n<h2 class=\"wp-block-heading\"><strong>Moda na picie alkoholu przez nieletnich<\/strong><\/h2>\r\n\r\n\r\n\r\n<p class=\"wp-block-paragraph\">Powody konsumpcji alkoholu w\u015br\u00f3d nieletnich s\u0105 r\u00f3\u017cne. Jednym z nich jest silna potrzeba przynale\u017cno\u015bci oraz bycia akceptowanym przez r\u00f3wie\u015bnik\u00f3w \u2013 dlatego m\u0142ode osoby cz\u0119sto na przek\u00f3r swoim przekonaniom \u0142ami\u0105 zasady tylko po to, aby wybrana przez nich grupa nie odrzuci\u0142a danej osoby. Dla nastolatk\u00f3w na znaczeniu traci rodzina oraz szko\u0142a z jednoczesnym nadaniu priorytet\u00f3w pozycji i opinii w\u015br\u00f3d znajomych. Dodatkowo, alkohol umo\u017cliwia wprowadzenie w dobry nastr\u00f3j, bardzo cz\u0119sto dodaje odwagi (np. przed randk\u0105), eliminuje poczucie wstydu oraz nie\u015bmia\u0142o\u015bci. Os\u0142abione mechanizmy samokontroli warunkuj\u0105 dobr\u0105 zabaw\u0119 bez przemy\u015blania konsekwencji swoich dzia\u0142a\u0144. Niestety, przyjmuje si\u0119, \u017ce w obecnych czasach m\u0142odzie\u017c nie potrafi bawi\u0107 si\u0119 ju\u017c bez alkoholu.<\/p>\r\n\r\n\r\n\r\n<p class=\"wp-block-paragraph\">Innym czynnikiem warunkuj\u0105cym wzrost popularno\u015bci <strong>alkohol<\/strong>u u <strong>os\u00f3b nieletnich<\/strong> jest ch\u0119\u0107 szybkiego stania si\u0119 doros\u0142ym, a tak\u017ce potrzeb\u0105 przekraczania wyznaczonych granic. Nastolatki ze wzgl\u0119du na ich buntownicz\u0105 natur\u0119, d\u0105\u017c\u0105 do poznania zakazanych rzeczy. Bardzo cz\u0119sto wzmocnione jest to ciekawo\u015bci\u0105 poznawcz\u0105.<\/p>\r\n\r\n\r\n\r\n<p class=\"wp-block-paragraph\">Kolejne powody, kt\u00f3re popychaj\u0105 osoby m\u0142ode w uzale\u017cnienie od alkoholu to do\u015bwiadczenia rodzinne, problemy domowe oraz szkolne niepowodzenia. Nastolatki, kt\u00f3re nie potrafi\u0105 radzi\u0107 sobie z emocjami oraz sytuacjami dla nich trudnymi si\u0119gaj\u0105 po napoje procentowe jako rozwi\u0105zanie ich problem\u00f3w. Warto podkre\u015bli\u0107, \u017ce dzieci, kt\u00f3re wychowa\u0142y si\u0119 w rodzinach alkoholowych maj\u0105 czterokrotnie wi\u0119ksze szanse na wyst\u0105pienie uzale\u017cnienia w przysz\u0142o\u015bci. Jest to spowodowane powieleniem wzorc\u00f3w \u2013 dziecko uczy si\u0119 przez obserwacj\u0119 i na\u015bladownictwo. Tym samym obserwuj\u0105c libacje alkoholowe w domu, utrwala, a nast\u0119pnie powiela spos\u00f3b funkcjonowania rodziny patologicznej.<\/p>\r\n\r\n\r\n\r\n<h2 class=\"wp-block-heading\"><strong>Jak rozpozna\u0107, \u017ce nastolatek uzale\u017cni\u0142 si\u0119 od alkoholu?<\/strong><\/h2>\r\n\r\n\r\n\r\n<p class=\"wp-block-paragraph\">Rozpoznanie alkoholizmu u nastolatka mo\u017ce okaza\u0107 si\u0119 trudne, poniewa\u017c charakteryzuj\u0105cy si\u0119 tajemniczo\u015bci\u0105 oraz buntowniczo\u015bci\u0105 nastolatek mo\u017ce skutecznie ukrywa\u0107 swoje problemy przed rodzicami. Tym bardziej, \u017ce cz\u0119\u015b\u0107 objaw\u00f3w \u015bwiadcz\u0105cych o wyst\u0119puj\u0105cym uzale\u017cnieniu mo\u017ce by\u0107 uto\u017csamiana z przebiegiem procesu dojrzewania oraz kszta\u0142tuj\u0105cej si\u0119 osobowo\u015bci. Mimo to, warto przygl\u0105da\u0107 si\u0119 w\u0142asnemu dziecku bli\u017cej, szczeg\u00f3lnie je\u017celi dostrze\u017ce si\u0119 jednocze\u015bnie kilka z poni\u017cszych zachowa\u0144:<\/p>\r\n\r\n\r\n\r\n<ul class=\"wp-block-list\">\r\n<li>Rozdra\u017cnienie, zdenerwowanie w momencie wypytywania o znajomych i grono przyjaci\u00f3\u0142,<\/li>\r\n<li>Narastaj\u0105ca frustracj\u0119, z\u0142o\u015b\u0107, wrogo\u015b\u0107, szczeg\u00f3lnie nakierowan\u0105 na rodzic\u00f3w lub szko\u0142\u0119,<\/li>\r\n<li>Cz\u0119stsze pro\u015bby o kieszonkowe, stanowcze odmowy opisywania swoich wydatk\u00f3w, potajemne podkradanie drobnych sum z portfela rodzica,<\/li>\r\n<li>Niech\u0119\u0107 do nauki, z\u0142e oceny, brak promocji do nast\u0119pnej klasy,<\/li>\r\n<li>Problemy wychowawcze w szkole lub w domu<\/li>\r\n<li>Obni\u017cenie wi\u0119zi rodzinnej, niech\u0119\u0107 wobec kontakt\u00f3w rodzinnych, ukrywanie swojego \u017cycia poza domem przed rodzicami,<\/li>\r\n<li>Zaniedbanie w\u0142asnej higieny oraz wygl\u0105du zewn\u0119trznego,<\/li>\r\n<li>Oboj\u0119tno\u015b\u0107, apatia lub te\u017c pobudzenie<\/li>\r\n<li>Wyst\u0119powanie labilno\u015bci emocjonalnej oraz hu\u015btawek nastroju,<\/li>\r\n<li>Zmiana dotychczasowych przyzwyczaje\u0144 i osobistych zwyczaj\u00f3w, szczeg\u00f3lnie dotycz\u0105cych jedzenia oraz spania,<\/li>\r\n<li>Wyczuwalny zapach alkoholu, zaczerwienienie ga\u0142ek ocznych, nieobecne spojrzenie.<\/li>\r\n<\/ul>\r\n\r\n\r\n\r\n<h2 class=\"wp-block-heading\"><strong>Zdrowotne oraz psychologiczne skutki picia alkoholu przez m\u0142odzie\u017c<\/strong><\/h2>\r\n\r\n\r\n\r\n<p class=\"wp-block-paragraph\">Alkohol wp\u0142ywa destrukcyjnie zar\u00f3wno na osoby doros\u0142e jak i dzieci oraz m\u0142odzie\u017c. Negatywnie oddzia\u0142uje na wszelkie sfery \u017cycia i funkcjonowania danej osoby. U os\u00f3b nieletnich w aspekcie zdrowotnym najcz\u0119\u015bciej zaobserwowa\u0107 mo\u017cna:<\/p>\r\n\r\n\r\n\r\n<ul class=\"wp-block-list\">\r\n<li>Upo\u015bledzenie dzia\u0142ania narz\u0105d\u00f3w i uk\u0142ad\u00f3w w organizmie,<\/li>\r\n<li>Zaburzenia w rozwoju m\u00f3zgu \u2013 m\u00f3zg cz\u0142owieka rozwija si\u0119 do a\u017c dwudziestego pi\u0105tego roku \u017cycia i ka\u017cda, nawet najmniejsza dawka spo\u017cytego alkoholu mo\u017ce wywo\u0142a\u0107 negatywny wp\u0142yw na jego kszta\u0142towanie si\u0119, np. zmniejszenie ilo\u015bci kom\u00f3rek m\u00f3zgowych, zaburzenia pracy neuroprzeka\u017anik\u00f3w,<\/li>\r\n<li>Zaburzenia akcji serca, wywo\u0142ywanie nadci\u015bnienia t\u0119tniczego,<\/li>\r\n<li>Rozw\u00f3j stanu zapalnego \u015bluz\u00f3wki, \u017co\u0142\u0105dka oraz dwunastnicy,<\/li>\r\n<li>Odwodnienie,<\/li>\r\n<li>Wyp\u0142ukiwanie z cia\u0142a witamin,<\/li>\r\n<li>Zaburzone wch\u0142anianie substancji od\u017cywczych,<\/li>\r\n<li>Obni\u017cenie odporno\u015bci organizmu,<\/li>\r\n<li>Permanentne nara\u017cenie na b\u00f3l g\u0142owy, nudno\u015bci, wymioty, b\u00f3l brzucha.<\/li>\r\n<\/ul>\r\n\r\n\r\n\r\n<p class=\"wp-block-paragraph\">W kwestii aspekt\u00f3w psychologicznych, alkohol negatywnie wp\u0142ywa na proces logicznego my\u015blenia oraz zaburza pami\u0119\u0107. Dodatkowo spowalnia mo\u017cliwo\u015b\u0107 uczenia si\u0119. Ze wzgl\u0119du na upo\u015bledzanie przez dzia\u0142anie alkoholu wzroku i s\u0142uchu wyst\u0119puje zaburzenie koordynacji, w tym wzrokowo-ruchowej. Inne najcz\u0119\u015bciej wyst\u0119puj\u0105ce zaburzenia to:<\/p>\r\n\r\n\r\n\r\n<ul class=\"wp-block-list\">\r\n<li>Dotykanie marginesu spo\u0142ecznego,<\/li>\r\n<li>Rozpoczynanie b\u00f3jek,<\/li>\r\n<li>Akcje wandalizmu oraz demolowanie mienia,<\/li>\r\n<li>Kradzie\u017c,<\/li>\r\n<li>\u0141amanie prawa oraz norm spo\u0142ecznych,<\/li>\r\n<li>Uzale\u017cnienie alkoholowe w aspekcie psychicznym oraz fizycznym.<\/li>\r\n<\/ul>\r\n\r\n\r\n\r\n<p class=\"wp-block-paragraph\">Niestety m\u0142odzi ludzie nie rozumiej\u0105 zagro\u017ce\u0144 p\u0142yn\u0105cych z choroby alkoholowej, uwa\u017caj\u0105, \u017ce uzale\u017cnienie ich nie dotknie, dlatego coraz cz\u0119\u015bciej spotyka si\u0119 m\u0142odocianych alkoholik\u00f3w. \u0141atwo wej\u015b\u0107 w doros\u0142o\u015b\u0107 z uzale\u017cnieniem, jednak znacznie trudniej z nim \u017cy\u0107 i go pokona\u0107, a konsekwencje takiej sytuacji odczuwa si\u0119 p\u00f3\u017aniej do ko\u0144ca \u017cycia.<\/p>\r\n","protected":false},"excerpt":{"rendered":"<p>Okazjonalne picie jest powszechne i spo\u0142ecznie akceptowalne. Alkohol \u015bci\u015ble wi\u0105\u017ce si\u0119 z kultur\u0105 i obyczajami, co niestety, przek\u0142ada si\u0119 p\u00f3\u017aniej na socjalizacj\u0119 dziecka oraz powielanie przez niego wzorc\u00f3w. Od kilkunastu lat obserwuje si\u0119 obni\u017cenie wieku inicjacji alkoholowej, a spo\u017cywanie alkoholu przez m\u0142odzie\u017c nabiera znaczenie du\u017cego problemu. Picie alkoholu przez nieletnich Statystyki spo\u017cywania alkoholu przez m\u0142odzie\u017c [&hellip;]<\/p>\n","protected":false},"author":2,"featured_media":10,"comment_status":"open","ping_status":"open","sticky":false,"template":"","format":"standard","meta":{"footnotes":""},"categories":[1],"tags":[],"class_list":["post-5","post","type-post","status-publish","format-standard","has-post-thumbnail","hentry","category-bez-kategorii"],"yoast_head":"<!-- This site is optimized with the Yoast SEO plugin v28.3 - https:\/\/yoast.com\/product\/yoast-seo-wordpress\/ -->\n<title>Alkoholizm w\u015br\u00f3d m\u0142odzie\u017cy - Blog - Esperal Szczecin<\/title>\n<meta name=\"description\" content=\"Alkohol \u015bci\u015ble wi\u0105\u017ce si\u0119 z kultur\u0105 i obyczajami, co niestety, przek\u0142ada si\u0119 p\u00f3\u017aniej na socjalizacj\u0119 dziecka oraz powielanie przez niego wzorc\u00f3w.\" \/>\n<meta name=\"robots\" content=\"index, follow, max-snippet:-1, max-image-preview:large, max-video-preview:-1\" \/>\n<link rel=\"canonical\" href=\"https:\/\/esperalszczecin.pl\/blog\/alkoholizm-wsrod-mlodziezy\/\" \/>\n<meta property=\"og:locale\" content=\"pl_PL\" \/>\n<meta property=\"og:type\" content=\"article\" \/>\n<meta property=\"og:title\" content=\"Alkoholizm w\u015br\u00f3d m\u0142odzie\u017cy - Blog - Esperal Szczecin\" \/>\n<meta property=\"og:description\" content=\"Alkohol \u015bci\u015ble wi\u0105\u017ce si\u0119 z kultur\u0105 i obyczajami, co niestety, przek\u0142ada si\u0119 p\u00f3\u017aniej na socjalizacj\u0119 dziecka oraz powielanie przez niego wzorc\u00f3w.\" \/>\n<meta property=\"og:url\" content=\"https:\/\/esperalszczecin.pl\/blog\/alkoholizm-wsrod-mlodziezy\/\" \/>\n<meta property=\"og:site_name\" content=\"Blog - Esperal Szczecin\" \/>\n<meta property=\"article:published_time\" content=\"2021-04-04T05:21:37+00:00\" \/>\n<meta property=\"article:modified_time\" content=\"2021-04-06T12:00:27+00:00\" \/>\n<meta property=\"og:image\" content=\"https:\/\/esperalszczecin.pl\/blog\/wp-content\/uploads\/2021\/04\/alkoholizm-wsrod-mlodziezy.jpg\" \/>\n\t<meta property=\"og:image:width\" content=\"900\" \/>\n\t<meta property=\"og:image:height\" content=\"600\" \/>\n\t<meta property=\"og:image:type\" content=\"image\/jpeg\" \/>\n<meta name=\"author\" content=\"qwg\" \/>\n<meta name=\"twitter:card\" content=\"summary_large_image\" \/>\n<meta name=\"twitter:label1\" content=\"Napisane przez\" \/>\n\t<meta name=\"twitter:data1\" content=\"qwg\" \/>\n\t<meta name=\"twitter:label2\" content=\"Szacowany czas czytania\" \/>\n\t<meta name=\"twitter:data2\" content=\"6 minut\" \/>\n<script type=\"application\/ld+json\" class=\"yoast-schema-graph\">{\"@context\":\"https:\\\/\\\/schema.org\",\"@graph\":[{\"@type\":\"Article\",\"@id\":\"https:\\\/\\\/esperalszczecin.pl\\\/blog\\\/alkoholizm-wsrod-mlodziezy\\\/#article\",\"isPartOf\":{\"@id\":\"https:\\\/\\\/esperalszczecin.pl\\\/blog\\\/alkoholizm-wsrod-mlodziezy\\\/\"},\"author\":{\"name\":\"qwg\",\"@id\":\"https:\\\/\\\/esperalszczecin.pl\\\/blog\\\/#\\\/schema\\\/person\\\/90894a9504581b9c15e1a13b342e3972\"},\"headline\":\"Alkoholizm w\u015br\u00f3d m\u0142odzie\u017cy\",\"datePublished\":\"2021-04-04T05:21:37+00:00\",\"dateModified\":\"2021-04-06T12:00:27+00:00\",\"mainEntityOfPage\":{\"@id\":\"https:\\\/\\\/esperalszczecin.pl\\\/blog\\\/alkoholizm-wsrod-mlodziezy\\\/\"},\"wordCount\":1228,\"commentCount\":0,\"image\":{\"@id\":\"https:\\\/\\\/esperalszczecin.pl\\\/blog\\\/alkoholizm-wsrod-mlodziezy\\\/#primaryimage\"},\"thumbnailUrl\":\"https:\\\/\\\/esperalszczecin.pl\\\/blog\\\/wp-content\\\/uploads\\\/2021\\\/04\\\/alkoholizm-wsrod-mlodziezy.jpg\",\"articleSection\":[\"Brak kategorii\"],\"inLanguage\":\"pl-PL\",\"potentialAction\":[{\"@type\":\"CommentAction\",\"name\":\"Comment\",\"target\":[\"https:\\\/\\\/esperalszczecin.pl\\\/blog\\\/alkoholizm-wsrod-mlodziezy\\\/#respond\"]}]},{\"@type\":\"WebPage\",\"@id\":\"https:\\\/\\\/esperalszczecin.pl\\\/blog\\\/alkoholizm-wsrod-mlodziezy\\\/\",\"url\":\"https:\\\/\\\/esperalszczecin.pl\\\/blog\\\/alkoholizm-wsrod-mlodziezy\\\/\",\"name\":\"Alkoholizm w\u015br\u00f3d m\u0142odzie\u017cy - Blog - Esperal Szczecin\",\"isPartOf\":{\"@id\":\"https:\\\/\\\/esperalszczecin.pl\\\/blog\\\/#website\"},\"primaryImageOfPage\":{\"@id\":\"https:\\\/\\\/esperalszczecin.pl\\\/blog\\\/alkoholizm-wsrod-mlodziezy\\\/#primaryimage\"},\"image\":{\"@id\":\"https:\\\/\\\/esperalszczecin.pl\\\/blog\\\/alkoholizm-wsrod-mlodziezy\\\/#primaryimage\"},\"thumbnailUrl\":\"https:\\\/\\\/esperalszczecin.pl\\\/blog\\\/wp-content\\\/uploads\\\/2021\\\/04\\\/alkoholizm-wsrod-mlodziezy.jpg\",\"datePublished\":\"2021-04-04T05:21:37+00:00\",\"dateModified\":\"2021-04-06T12:00:27+00:00\",\"author\":{\"@id\":\"https:\\\/\\\/esperalszczecin.pl\\\/blog\\\/#\\\/schema\\\/person\\\/90894a9504581b9c15e1a13b342e3972\"},\"description\":\"Alkohol \u015bci\u015ble wi\u0105\u017ce si\u0119 z kultur\u0105 i obyczajami, co niestety, przek\u0142ada si\u0119 p\u00f3\u017aniej na socjalizacj\u0119 dziecka oraz powielanie przez niego wzorc\u00f3w.\",\"breadcrumb\":{\"@id\":\"https:\\\/\\\/esperalszczecin.pl\\\/blog\\\/alkoholizm-wsrod-mlodziezy\\\/#breadcrumb\"},\"inLanguage\":\"pl-PL\",\"potentialAction\":[{\"@type\":\"ReadAction\",\"target\":[\"https:\\\/\\\/esperalszczecin.pl\\\/blog\\\/alkoholizm-wsrod-mlodziezy\\\/\"]}]},{\"@type\":\"ImageObject\",\"inLanguage\":\"pl-PL\",\"@id\":\"https:\\\/\\\/esperalszczecin.pl\\\/blog\\\/alkoholizm-wsrod-mlodziezy\\\/#primaryimage\",\"url\":\"https:\\\/\\\/esperalszczecin.pl\\\/blog\\\/wp-content\\\/uploads\\\/2021\\\/04\\\/alkoholizm-wsrod-mlodziezy.jpg\",\"contentUrl\":\"https:\\\/\\\/esperalszczecin.pl\\\/blog\\\/wp-content\\\/uploads\\\/2021\\\/04\\\/alkoholizm-wsrod-mlodziezy.jpg\",\"width\":900,\"height\":600},{\"@type\":\"BreadcrumbList\",\"@id\":\"https:\\\/\\\/esperalszczecin.pl\\\/blog\\\/alkoholizm-wsrod-mlodziezy\\\/#breadcrumb\",\"itemListElement\":[{\"@type\":\"ListItem\",\"position\":1,\"name\":\"Strona g\u0142\u00f3wna\",\"item\":\"https:\\\/\\\/esperalszczecin.pl\\\/blog\\\/\"},{\"@type\":\"ListItem\",\"position\":2,\"name\":\"Alkoholizm w\u015br\u00f3d m\u0142odzie\u017cy\"}]},{\"@type\":\"WebSite\",\"@id\":\"https:\\\/\\\/esperalszczecin.pl\\\/blog\\\/#website\",\"url\":\"https:\\\/\\\/esperalszczecin.pl\\\/blog\\\/\",\"name\":\"Blog - Esperal Szczecin\",\"description\":\"Na naszym blogu poruszamy tematy zwi\u0105zane z chorob\u0105 alkoholow\u0105. Jedn\u0105 z metod zwalczania alkoholizmu jest Esperal Szczecin.\",\"potentialAction\":[{\"@type\":\"SearchAction\",\"target\":{\"@type\":\"EntryPoint\",\"urlTemplate\":\"https:\\\/\\\/esperalszczecin.pl\\\/blog\\\/?s={search_term_string}\"},\"query-input\":{\"@type\":\"PropertyValueSpecification\",\"valueRequired\":true,\"valueName\":\"search_term_string\"}}],\"inLanguage\":\"pl-PL\"},{\"@type\":\"Person\",\"@id\":\"https:\\\/\\\/esperalszczecin.pl\\\/blog\\\/#\\\/schema\\\/person\\\/90894a9504581b9c15e1a13b342e3972\",\"name\":\"qwg\",\"image\":{\"@type\":\"ImageObject\",\"inLanguage\":\"pl-PL\",\"@id\":\"https:\\\/\\\/secure.gravatar.com\\\/avatar\\\/d03b142b5e74e66c4e1b7aaa5736606733e8a5b6c8a8d7804d05bb29a7c23e87?s=96&d=mm&r=g\",\"url\":\"https:\\\/\\\/secure.gravatar.com\\\/avatar\\\/d03b142b5e74e66c4e1b7aaa5736606733e8a5b6c8a8d7804d05bb29a7c23e87?s=96&d=mm&r=g\",\"contentUrl\":\"https:\\\/\\\/secure.gravatar.com\\\/avatar\\\/d03b142b5e74e66c4e1b7aaa5736606733e8a5b6c8a8d7804d05bb29a7c23e87?s=96&d=mm&r=g\",\"caption\":\"qwg\"},\"url\":\"https:\\\/\\\/esperalszczecin.pl\\\/blog\\\/author\\\/qwg\\\/\"}]}<\/script>\n<!-- \/ Yoast SEO plugin. -->","yoast_head_json":{"title":"Alkoholizm w\u015br\u00f3d m\u0142odzie\u017cy - Blog - Esperal Szczecin","description":"Alkohol \u015bci\u015ble wi\u0105\u017ce si\u0119 z kultur\u0105 i obyczajami, co niestety, przek\u0142ada si\u0119 p\u00f3\u017aniej na socjalizacj\u0119 dziecka oraz powielanie przez niego wzorc\u00f3w.","robots":{"index":"index","follow":"follow","max-snippet":"max-snippet:-1","max-image-preview":"max-image-preview:large","max-video-preview":"max-video-preview:-1"},"canonical":"https:\/\/esperalszczecin.pl\/blog\/alkoholizm-wsrod-mlodziezy\/","og_locale":"pl_PL","og_type":"article","og_title":"Alkoholizm w\u015br\u00f3d m\u0142odzie\u017cy - Blog - Esperal Szczecin","og_description":"Alkohol \u015bci\u015ble wi\u0105\u017ce si\u0119 z kultur\u0105 i obyczajami, co niestety, przek\u0142ada si\u0119 p\u00f3\u017aniej na socjalizacj\u0119 dziecka oraz powielanie przez niego wzorc\u00f3w.","og_url":"https:\/\/esperalszczecin.pl\/blog\/alkoholizm-wsrod-mlodziezy\/","og_site_name":"Blog - Esperal Szczecin","article_published_time":"2021-04-04T05:21:37+00:00","article_modified_time":"2021-04-06T12:00:27+00:00","og_image":[{"width":900,"height":600,"url":"https:\/\/esperalszczecin.pl\/blog\/wp-content\/uploads\/2021\/04\/alkoholizm-wsrod-mlodziezy.jpg","type":"image\/jpeg"}],"author":"qwg","twitter_card":"summary_large_image","twitter_misc":{"Napisane przez":"qwg","Szacowany czas czytania":"6 minut"},"schema":{"@context":"https:\/\/schema.org","@graph":[{"@type":"Article","@id":"https:\/\/esperalszczecin.pl\/blog\/alkoholizm-wsrod-mlodziezy\/#article","isPartOf":{"@id":"https:\/\/esperalszczecin.pl\/blog\/alkoholizm-wsrod-mlodziezy\/"},"author":{"name":"qwg","@id":"https:\/\/esperalszczecin.pl\/blog\/#\/schema\/person\/90894a9504581b9c15e1a13b342e3972"},"headline":"Alkoholizm w\u015br\u00f3d m\u0142odzie\u017cy","datePublished":"2021-04-04T05:21:37+00:00","dateModified":"2021-04-06T12:00:27+00:00","mainEntityOfPage":{"@id":"https:\/\/esperalszczecin.pl\/blog\/alkoholizm-wsrod-mlodziezy\/"},"wordCount":1228,"commentCount":0,"image":{"@id":"https:\/\/esperalszczecin.pl\/blog\/alkoholizm-wsrod-mlodziezy\/#primaryimage"},"thumbnailUrl":"https:\/\/esperalszczecin.pl\/blog\/wp-content\/uploads\/2021\/04\/alkoholizm-wsrod-mlodziezy.jpg","articleSection":["Brak kategorii"],"inLanguage":"pl-PL","potentialAction":[{"@type":"CommentAction","name":"Comment","target":["https:\/\/esperalszczecin.pl\/blog\/alkoholizm-wsrod-mlodziezy\/#respond"]}]},{"@type":"WebPage","@id":"https:\/\/esperalszczecin.pl\/blog\/alkoholizm-wsrod-mlodziezy\/","url":"https:\/\/esperalszczecin.pl\/blog\/alkoholizm-wsrod-mlodziezy\/","name":"Alkoholizm w\u015br\u00f3d m\u0142odzie\u017cy - Blog - Esperal Szczecin","isPartOf":{"@id":"https:\/\/esperalszczecin.pl\/blog\/#website"},"primaryImageOfPage":{"@id":"https:\/\/esperalszczecin.pl\/blog\/alkoholizm-wsrod-mlodziezy\/#primaryimage"},"image":{"@id":"https:\/\/esperalszczecin.pl\/blog\/alkoholizm-wsrod-mlodziezy\/#primaryimage"},"thumbnailUrl":"https:\/\/esperalszczecin.pl\/blog\/wp-content\/uploads\/2021\/04\/alkoholizm-wsrod-mlodziezy.jpg","datePublished":"2021-04-04T05:21:37+00:00","dateModified":"2021-04-06T12:00:27+00:00","author":{"@id":"https:\/\/esperalszczecin.pl\/blog\/#\/schema\/person\/90894a9504581b9c15e1a13b342e3972"},"description":"Alkohol \u015bci\u015ble wi\u0105\u017ce si\u0119 z kultur\u0105 i obyczajami, co niestety, przek\u0142ada si\u0119 p\u00f3\u017aniej na socjalizacj\u0119 dziecka oraz powielanie przez niego wzorc\u00f3w.","breadcrumb":{"@id":"https:\/\/esperalszczecin.pl\/blog\/alkoholizm-wsrod-mlodziezy\/#breadcrumb"},"inLanguage":"pl-PL","potentialAction":[{"@type":"ReadAction","target":["https:\/\/esperalszczecin.pl\/blog\/alkoholizm-wsrod-mlodziezy\/"]}]},{"@type":"ImageObject","inLanguage":"pl-PL","@id":"https:\/\/esperalszczecin.pl\/blog\/alkoholizm-wsrod-mlodziezy\/#primaryimage","url":"https:\/\/esperalszczecin.pl\/blog\/wp-content\/uploads\/2021\/04\/alkoholizm-wsrod-mlodziezy.jpg","contentUrl":"https:\/\/esperalszczecin.pl\/blog\/wp-content\/uploads\/2021\/04\/alkoholizm-wsrod-mlodziezy.jpg","width":900,"height":600},{"@type":"BreadcrumbList","@id":"https:\/\/esperalszczecin.pl\/blog\/alkoholizm-wsrod-mlodziezy\/#breadcrumb","itemListElement":[{"@type":"ListItem","position":1,"name":"Strona g\u0142\u00f3wna","item":"https:\/\/esperalszczecin.pl\/blog\/"},{"@type":"ListItem","position":2,"name":"Alkoholizm w\u015br\u00f3d m\u0142odzie\u017cy"}]},{"@type":"WebSite","@id":"https:\/\/esperalszczecin.pl\/blog\/#website","url":"https:\/\/esperalszczecin.pl\/blog\/","name":"Blog - Esperal Szczecin","description":"Na naszym blogu poruszamy tematy zwi\u0105zane z chorob\u0105 alkoholow\u0105. Jedn\u0105 z metod zwalczania alkoholizmu jest Esperal Szczecin.","potentialAction":[{"@type":"SearchAction","target":{"@type":"EntryPoint","urlTemplate":"https:\/\/esperalszczecin.pl\/blog\/?s={search_term_string}"},"query-input":{"@type":"PropertyValueSpecification","valueRequired":true,"valueName":"search_term_string"}}],"inLanguage":"pl-PL"},{"@type":"Person","@id":"https:\/\/esperalszczecin.pl\/blog\/#\/schema\/person\/90894a9504581b9c15e1a13b342e3972","name":"qwg","image":{"@type":"ImageObject","inLanguage":"pl-PL","@id":"https:\/\/secure.gravatar.com\/avatar\/d03b142b5e74e66c4e1b7aaa5736606733e8a5b6c8a8d7804d05bb29a7c23e87?s=96&d=mm&r=g","url":"https:\/\/secure.gravatar.com\/avatar\/d03b142b5e74e66c4e1b7aaa5736606733e8a5b6c8a8d7804d05bb29a7c23e87?s=96&d=mm&r=g","contentUrl":"https:\/\/secure.gravatar.com\/avatar\/d03b142b5e74e66c4e1b7aaa5736606733e8a5b6c8a8d7804d05bb29a7c23e87?s=96&d=mm&r=g","caption":"qwg"},"url":"https:\/\/esperalszczecin.pl\/blog\/author\/qwg\/"}]}},"_links":{"self":[{"href":"https:\/\/esperalszczecin.pl\/blog\/wp-json\/wp\/v2\/posts\/5","targetHints":{"allow":["GET"]}}],"collection":[{"href":"https:\/\/esperalszczecin.pl\/blog\/wp-json\/wp\/v2\/posts"}],"about":[{"href":"https:\/\/esperalszczecin.pl\/blog\/wp-json\/wp\/v2\/types\/post"}],"author":[{"embeddable":true,"href":"https:\/\/esperalszczecin.pl\/blog\/wp-json\/wp\/v2\/users\/2"}],"replies":[{"embeddable":true,"href":"https:\/\/esperalszczecin.pl\/blog\/wp-json\/wp\/v2\/comments?post=5"}],"version-history":[{"count":2,"href":"https:\/\/esperalszczecin.pl\/blog\/wp-json\/wp\/v2\/posts\/5\/revisions"}],"predecessor-version":[{"id":11,"href":"https:\/\/esperalszczecin.pl\/blog\/wp-json\/wp\/v2\/posts\/5\/revisions\/11"}],"wp:featuredmedia":[{"embeddable":true,"href":"https:\/\/esperalszczecin.pl\/blog\/wp-json\/wp\/v2\/media\/10"}],"wp:attachment":[{"href":"https:\/\/esperalszczecin.pl\/blog\/wp-json\/wp\/v2\/media?parent=5"}],"wp:term":[{"taxonomy":"category","embeddable":true,"href":"https:\/\/esperalszczecin.pl\/blog\/wp-json\/wp\/v2\/categories?post=5"},{"taxonomy":"post_tag","embeddable":true,"href":"https:\/\/esperalszczecin.pl\/blog\/wp-json\/wp\/v2\/tags?post=5"}],"curies":[{"name":"wp","href":"https:\/\/api.w.org\/{rel}","templated":true}]}}